{"id":2120,"date":"2024-12-09T10:35:02","date_gmt":"2024-12-09T09:35:02","guid":{"rendered":"https:\/\/lentrepot78.com\/?p=2120"},"modified":"2025-01-02T16:50:17","modified_gmt":"2025-01-02T15:50:17","slug":"2-ateliers-decriture-en-janvier-2025-mardi-14-et-28-janvier-a-19h00","status":"publish","type":"post","link":"https:\/\/lentrepot78.com\/index.php\/2024\/12\/09\/2-ateliers-decriture-en-janvier-2025-mardi-14-et-28-janvier-a-19h00\/","title":{"rendered":"2 ATELIERS D\u2019ECRITURE EN JANVIER 2025, mardi 07 et 28 JANVIER A 19H00."},"content":{"rendered":"\n<p>Aude est une pationn\u00e9e !! Elle vous propose de partager la joie d&rsquo;\u00e9crire et d&rsquo;acc\u00e9der \u00e0 votre potentiel cr\u00e9ateur (Aude a d\u00e9cal\u00e9 l&rsquo;horaire du d\u00e9but des ateliers \u00e0 19h) <\/p>\n\n\n","protected":false},"excerpt":{"rendered":"<p>Aude est une pationn\u00e9e !! Elle vous propose de partager la joie d&rsquo;\u00e9crire et d&rsquo;acc\u00e9der \u00e0 votre potentiel cr\u00e9ateur (Aude a d\u00e9cal\u00e9 l&rsquo;horaire du d\u00e9but des ateliers \u00e0 19h)<\/p>\n","protected":false},"author":2,"featured_media":0,"comment_status":"open","ping_status":"open","sticky":false,"template":"","format":"standard","meta":{"saved_in_kubio":false,"_jetpack_memberships_contains_paid_content":false,"footnotes":"","jetpack_publicize_message":"","jetpack_publicize_feature_enabled":true,"jetpack_social_post_already_shared":true,"jetpack_social_options":{"image_generator_settings":{"template":"highway","default_image_id":0,"enabled":false},"version":2}},"categories":[14,24],"tags":[],"class_list":["post-2120","post","type-post","status-publish","format-standard","hentry","category-activite","category-autre"],"jetpack_publicize_connections":[],"jetpack_featured_media_url":"","jetpack_sharing_enabled":true,"jetpack_likes_enabled":true,"_links":{"self":[{"href":"https:\/\/lentrepot78.com\/index.php\/wp-json\/wp\/v2\/posts\/2120","targetHints":{"allow":["GET"]}}],"collection":[{"href":"https:\/\/lentrepot78.com\/index.php\/wp-json\/wp\/v2\/posts"}],"about":[{"href":"https:\/\/lentrepot78.com\/index.php\/wp-json\/wp\/v2\/types\/post"}],"author":[{"embeddable":true,"href":"https:\/\/lentrepot78.com\/index.php\/wp-json\/wp\/v2\/users\/2"}],"replies":[{"embeddable":true,"href":"https:\/\/lentrepot78.com\/index.php\/wp-json\/wp\/v2\/comments?post=2120"}],"version-history":[{"count":0,"href":"https:\/\/lentrepot78.com\/index.php\/wp-json\/wp\/v2\/posts\/2120\/revisions"}],"wp:attachment":[{"href":"https:\/\/lentrepot78.com\/index.php\/wp-json\/wp\/v2\/media?parent=2120"}],"wp:term":[{"taxonomy":"category","embeddable":true,"href":"https:\/\/lentrepot78.com\/index.php\/wp-json\/wp\/v2\/categories?post=2120"},{"taxonomy":"post_tag","embeddable":true,"href":"https:\/\/lentrepot78.com\/index.php\/wp-json\/wp\/v2\/tags?post=2120"}],"curies":[{"name":"wp","href":"https:\/\/api.w.org\/{rel}","templated":true}]}}