{"id":2041,"date":"2025-01-02T10:00:25","date_gmt":"2025-01-02T09:00:25","guid":{"rendered":"https:\/\/lentrepot78.com\/?p=2041"},"modified":"2025-01-02T16:36:29","modified_gmt":"2025-01-02T15:36:29","slug":"fresque-du-climat-jeudi-16-janvier-19h","status":"publish","type":"post","link":"https:\/\/lentrepot78.com\/index.php\/2025\/01\/02\/fresque-du-climat-jeudi-16-janvier-19h\/","title":{"rendered":"Fresque du climat &#8211; jeudi 16 janvier &#8211; 19h"},"content":{"rendered":"\n<p>Formez vous aux enjeux du climat via un atelier ludique, collaboratif et cr\u00e9atif bas\u00e9 sur l\u2019intelligence collective :\u00a0<strong>La Fresque du climat<\/strong>. <\/p>\n\n\n\n<p>Retrouvez en \u00e9quipe les liens de cause \u00e0 effet entre les 42 cartes du jeu et co-construisez ainsi une v\u00e9ritable \u201c<a href=\"https:\/\/www.youtube.com\/watch?v=NF-6CK6GQRk&amp;feature=youtu.be\" target=\"_blank\" rel=\"noreferrer noopener\">Fresque<\/a>\u201d du changement climatique : Comprenez les principaux m\u00e9canismes du d\u00e9r\u00e8glement climatique, contextualisez les informations faisant r\u00e9f\u00e9rence aux rapports du GIEC, r\u00e9fl\u00e9chissez collectivement \u00e0 des solutions\u00a0: \u00e9cogestes, \u00e9volution des m\u00e9tiers de l\u2019entreprise, d\u00e9marrage d\u2019une politique RSE ou r\u00e9flexion strat\u00e9gique sur les changements induits par l\u2019urgence climatique<\/p>\n\n\n\n<p><strong>EN BREF<\/strong><\/p>\n\n\n\n<ul class=\"wp-block-list\">\n<li>Par tables de 4 \u00e0 7 joueurs<\/li>\n\n\n\n<li>A partir de 16 ans<\/li>\n\n\n\n<li>Atelier ludique et participatif : coconstruisez votre fresque du climat, via l\u2019intelligence collective du groupe, identifiez les liens de causes \u00e0 effets entre les \u00e9l\u00e9ments r\u00e9gissant le climat et son \u00e9volution.<\/li>\n\n\n\n<li>Atelier scientifique  : bas\u00e9 sur les rapports du GIEC.<\/li>\n\n\n\n<li>3 heures<\/li>\n\n\n\n<li>10% revers\u00e9 \u00e0 la fresque du climat <\/li>\n\n\n\n<li>Pr\u00e8s de 2 millions de personnes ont jou\u00e9s \u00e0 la fresque du climat<\/li>\n<\/ul>\n\n\n\n<p><\/p>\n\n\n\n<p>Tarif 45\u20ac<\/p>\n\n\n\n<p>R\u00e9servation obligatoire \u00e0 faire sur <a href=\"https:\/\/www.billetweb.fr\/fresque-du-climat56\">https:\/\/www.billetweb.fr\/fresque-du-climat56<\/a><\/p>\n\n\n\n<p><strong>Le prix incorpore une planche \u00ab\u00a0Entrep\u00f4t\u00a0\u00bb<\/strong><\/p>\n\n\n\n<p>Arriv\u00e9e \u00e0 18h45 &#8211; d\u00e9marrage \u00e0 19H.<\/p>\n\n\n\n<p><\/p>\n","protected":false},"excerpt":{"rendered":"<p>Formez vous aux enjeux du climat via un atelier ludique, collaboratif et cr\u00e9atif bas\u00e9 sur l\u2019intelligence collective :\u00a0La Fresque du climat. Retrouvez en \u00e9quipe les liens de cause \u00e0 effet entre les 42 cartes du jeu et co-construisez ainsi une v\u00e9ritable \u201cFresque\u201d du changement climatique : Comprenez les principaux m\u00e9canismes du d\u00e9r\u00e8glement climatique, contextualisez les &hellip; <\/p>\n","protected":false},"author":1,"featured_media":2043,"comment_status":"open","ping_status":"open","sticky":false,"template":"","format":"standard","meta":{"saved_in_kubio":false,"_jetpack_memberships_contains_paid_content":false,"footnotes":"","jetpack_publicize_message":"","jetpack_publicize_feature_enabled":true,"jetpack_social_post_already_shared":true,"jetpack_social_options":{"image_generator_settings":{"template":"highway","default_image_id":0,"enabled":false},"version":2}},"categories":[24],"tags":[],"class_list":["post-2041","post","type-post","status-publish","format-standard","has-post-thumbnail","hentry","category-autre"],"jetpack_publicize_connections":[],"jetpack_featured_media_url":"https:\/\/lentrepot78.com\/wp-content\/uploads\/2024\/12\/81e355c2-98a1-42d9-a550-7de5d58d18d3.jpg","jetpack_sharing_enabled":true,"jetpack_likes_enabled":true,"_links":{"self":[{"href":"https:\/\/lentrepot78.com\/index.php\/wp-json\/wp\/v2\/posts\/2041","targetHints":{"allow":["GET"]}}],"collection":[{"href":"https:\/\/lentrepot78.com\/index.php\/wp-json\/wp\/v2\/posts"}],"about":[{"href":"https:\/\/lentrepot78.com\/index.php\/wp-json\/wp\/v2\/types\/post"}],"author":[{"embeddable":true,"href":"https:\/\/lentrepot78.com\/index.php\/wp-json\/wp\/v2\/users\/1"}],"replies":[{"embeddable":true,"href":"https:\/\/lentrepot78.com\/index.php\/wp-json\/wp\/v2\/comments?post=2041"}],"version-history":[{"count":0,"href":"https:\/\/lentrepot78.com\/index.php\/wp-json\/wp\/v2\/posts\/2041\/revisions"}],"wp:featuredmedia":[{"embeddable":true,"href":"https:\/\/lentrepot78.com\/index.php\/wp-json\/wp\/v2\/media\/2043"}],"wp:attachment":[{"href":"https:\/\/lentrepot78.com\/index.php\/wp-json\/wp\/v2\/media?parent=2041"}],"wp:term":[{"taxonomy":"category","embeddable":true,"href":"https:\/\/lentrepot78.com\/index.php\/wp-json\/wp\/v2\/categories?post=2041"},{"taxonomy":"post_tag","embeddable":true,"href":"https:\/\/lentrepot78.com\/index.php\/wp-json\/wp\/v2\/tags?post=2041"}],"curies":[{"name":"wp","href":"https:\/\/api.w.org\/{rel}","templated":true}]}}