{"id":1954,"date":"2025-04-08T10:47:00","date_gmt":"2025-04-08T08:47:00","guid":{"rendered":"https:\/\/lentrepot78.com\/?p=1954"},"modified":"2025-04-16T12:03:29","modified_gmt":"2025-04-16T10:03:29","slug":"les-paulette-jouent-doublent-a-la-capitale-samedi-07-a-20h-et-dimanche-08-a-15h","status":"publish","type":"post","link":"https:\/\/lentrepot78.com\/index.php\/2025\/04\/08\/les-paulette-jouent-doublent-a-la-capitale-samedi-07-a-20h-et-dimanche-08-a-15h\/","title":{"rendered":"Les Paulette jouent doublent \u00e0 la capitale!   samedi 24\/05 \u00e0 20h et dimanche 25\/05 \u00e0 15h"},"content":{"rendered":"\n<p><\/p>\n\n\n\n<h3 class=\"wp-block-heading\">5 nanas Toulousaines ultra motiv\u00e9es font leur show dans un cabaret d&rsquo;improvisation o\u00f9 les th\u00e8mes du public pioch\u00e9s au hasard animent les sc\u00e8nes<\/h3>\n\n\n\n<p>Les Paulette c&rsquo;est avant tout une histoire de d\u00e9couverte. La d\u00e9couverte de l&rsquo;improvisation puis la d\u00e9couverte de personnalit\u00e9s, et d&rsquo;une tr\u00e8s grande amiti\u00e9. D\u00e8s lors que l&rsquo;id\u00e9e m\u00eame de la cr\u00e9ation de la troupe a \u00e9merg\u00e9, nous voulions accorder une grande importance \u00e0 ce que notre coh\u00e9sion dans la vie se refl\u00e8te sur sc\u00e8ne, pour proposer une certaine justesse, qui est celle de notre lien depuis le d\u00e9but. G\u00e9n\u00e9rosit\u00e9, coh\u00e9sion et partage sont les axes les plus importants dans notre projet Les Paulette.<\/p>\n\n\n\n<p>Des cerveaux en \u00e9bullition, des imaginaires qui se chamaillent puis s&rsquo;enlacent, des situations r\u00eav\u00e9es ou cauchemard\u00e9es, des centaines de personnages, du plus calme au plus loufoque, des d\u00e9cors de grand op\u00e9ra, de quai de gare ou de chambre d&rsquo;adolescent, des intrigues de chevaliers de la Renaissance, des frasques et des coucheries en l&rsquo;an 3057 dans le futur, des larmes de rires puis des larmes de tristesse, des femmes, des hommes, des cr\u00e9atures invent\u00e9es, des \u00e9treintes d&rsquo;amoureux transis&#8230; L&rsquo;improvisation, \u00e7a ne se raconte pas, \u00e7a se vit !<\/p>\n\n\n\n<p>Chaque spectacle d&rsquo;improvisation est une cr\u00e9ation unique, r\u00e9alis\u00e9e en direct, qui oeuvre \u00e0 sugg\u00e9rer au public mille et unes \u00e9motions, par les mots, l&rsquo;intention et le corps.<\/p>\n\n\n\n<p><strong>Artistes : <\/strong><a href=\"https:\/\/www.billetreduc.com\/spectacle-priscilla-cavalie.htm\">Priscilla Cavali\u00e9<\/a>, <a href=\"https:\/\/www.billetreduc.com\/spectacle-mathilde-convert.htm\">Mathilde Convert<\/a>, <a href=\"https:\/\/www.billetreduc.com\/spectacle-eleonore-fevre.htm\">El\u00e9onore F\u00e8vre<\/a>, <a href=\"https:\/\/www.billetreduc.com\/spectacle-severine-le-guen.htm\">S\u00e9verine Le Guen<\/a>, <\/p>\n\n\n\n<p>Pour reserver : <a href=\"https:\/\/www.billetreduc.com\/373717\/evt.htm\">https:\/\/www.billetreduc.com\/373717\/evt.htm<\/a><\/p>\n\n\n\n<hr class=\"wp-block-separator has-alpha-channel-opacity\"\/>\n","protected":false},"excerpt":{"rendered":"<p>5 nanas Toulousaines ultra motiv\u00e9es font leur show dans un cabaret d&rsquo;improvisation o\u00f9 les th\u00e8mes du public pioch\u00e9s au hasard animent les sc\u00e8nes Les Paulette c&rsquo;est avant tout une histoire de d\u00e9couverte. La d\u00e9couverte de l&rsquo;improvisation puis la d\u00e9couverte de personnalit\u00e9s, et d&rsquo;une tr\u00e8s grande amiti\u00e9. D\u00e8s lors que l&rsquo;id\u00e9e m\u00eame de la cr\u00e9ation de &hellip; <\/p>\n","protected":false},"author":2,"featured_media":2521,"comment_status":"open","ping_status":"open","sticky":false,"template":"","format":"standard","meta":{"saved_in_kubio":false,"_jetpack_memberships_contains_paid_content":false,"footnotes":"","jetpack_publicize_message":"","jetpack_publicize_feature_enabled":true,"jetpack_social_post_already_shared":true,"jetpack_social_options":{"image_generator_settings":{"template":"highway","default_image_id":0,"enabled":false},"version":2}},"categories":[13],"tags":[],"class_list":["post-1954","post","type-post","status-publish","format-standard","has-post-thumbnail","hentry","category-evenement"],"jetpack_publicize_connections":[],"jetpack_featured_media_url":"https:\/\/lentrepot78.com\/wp-content\/uploads\/2025\/04\/PHOTO-MAI.png","jetpack_sharing_enabled":true,"jetpack_likes_enabled":true,"_links":{"self":[{"href":"https:\/\/lentrepot78.com\/index.php\/wp-json\/wp\/v2\/posts\/1954","targetHints":{"allow":["GET"]}}],"collection":[{"href":"https:\/\/lentrepot78.com\/index.php\/wp-json\/wp\/v2\/posts"}],"about":[{"href":"https:\/\/lentrepot78.com\/index.php\/wp-json\/wp\/v2\/types\/post"}],"author":[{"embeddable":true,"href":"https:\/\/lentrepot78.com\/index.php\/wp-json\/wp\/v2\/users\/2"}],"replies":[{"embeddable":true,"href":"https:\/\/lentrepot78.com\/index.php\/wp-json\/wp\/v2\/comments?post=1954"}],"version-history":[{"count":0,"href":"https:\/\/lentrepot78.com\/index.php\/wp-json\/wp\/v2\/posts\/1954\/revisions"}],"wp:featuredmedia":[{"embeddable":true,"href":"https:\/\/lentrepot78.com\/index.php\/wp-json\/wp\/v2\/media\/2521"}],"wp:attachment":[{"href":"https:\/\/lentrepot78.com\/index.php\/wp-json\/wp\/v2\/media?parent=1954"}],"wp:term":[{"taxonomy":"category","embeddable":true,"href":"https:\/\/lentrepot78.com\/index.php\/wp-json\/wp\/v2\/categories?post=1954"},{"taxonomy":"post_tag","embeddable":true,"href":"https:\/\/lentrepot78.com\/index.php\/wp-json\/wp\/v2\/tags?post=1954"}],"curies":[{"name":"wp","href":"https:\/\/api.w.org\/{rel}","templated":true}]}}